{
    "title": "Nouvelle gare routi\u00e8re \u00e0 Brussels Airport \u00e0 partir du 7 mai ",
    "modified_at": "2026-04-30 08:18:00",
    "published_at": "2026-04-30 08:16:00",
    "url": "https://pressroom.brusselsairport.be/nouvelle-gare-routiere-a-brussels-airport-a-partir-du-7-mai",
    "short_url": "http://prez.ly/9RDd",
    "culture": "fr",
    "language": "FR",
    "slug": "nouvelle-gare-routiere-a-brussels-airport-a-partir-du-7-mai",
    "body": "\n    <figure\n        class=\"release-content-image release-content-image--contained release-content-image--align-center\"\n        data-component=\"image-zoom-popup\"\n        data-image-zoom-popup-selector=\".release-content-image__image\"\n        data-image-zoom-popup-i18n=\"data:application/json;base64,eyJEb3dubG9hZCI6IkRvd25sb2FkIn0=\"\n        data-image-zoom-popup-tracking-views-event=\"Story Image View\"\n        data-image-zoom-popup-tracking-download-event=\"Story Image Download\"\n        data-image-zoom-popup-placement=\"content\"\n    >\n        <div class=\"image-thumbnail-rollover\" style=\"width: 100%\">\n            <img\n                src=\"https://cdn.uc.assets.prezly.com/093155c2-3516-48a7-a403-4050cd7c8d01/-/resize/1200x/-/format/auto/\"\n                                    srcset=\"https://cdn.uc.assets.prezly.com/093155c2-3516-48a7-a403-4050cd7c8d01/-/resize/1200x/-/format/auto/ 1x, https://cdn.uc.assets.prezly.com/093155c2-3516-48a7-a403-4050cd7c8d01/-/resize/2400x/-/format/auto/ 2x\"\n                                class=\"release-content-image__image image-thumbnail-rollover__image\"\n                data-description=\"\"\n                id=\"image-093155c2-3516-48a7-a403-4050cd7c8d01\"\n                data-id=\"093155c2-3516-48a7-a403-4050cd7c8d01\"\n                data-original=\"https://cdn.uc.assets.prezly.com/093155c2-3516-48a7-a403-4050cd7c8d01/-/inline/no/IMG_9920.jpeg\"\n                data-mfp-src=\"https://cdn.uc.assets.prezly.com/093155c2-3516-48a7-a403-4050cd7c8d01/-/resize/1200x/-/format/auto/\"\n                alt=\"Story image\"\n            />\n            <div class=\"image-thumbnail-rollover__caption\">\n                <svg class=\"icon icon-expand image-thumbnail-rollover__caption-icon\">\n                <use xlink:href=\"#icon-expand\"></use>\n            </svg>            </div>\n        </div>\n\n        <figcaption class=\"release-content-image__caption\"></figcaption>\n    </figure>\n<p style=\"text-align: justify\"><strong>Les bus circulant vers et depuis Brussels Airport disposeront bient&ocirc;t d&rsquo;une nouvelle gare routi&egrave;re &agrave; l&rsquo;a&eacute;roport. Afin de lib&eacute;rer le site pour le nouveau hub intermodal, la gare routi&egrave;re sera d&eacute;plac&eacute;e &agrave; 100 m&egrave;tres des halls des d&eacute;parts et des arriv&eacute;es &agrave; partir du jeudi 7 mai. Cinq quais accueilleront l&rsquo;int&eacute;gralit&eacute; des bus, &agrave; savoir les bus De Lijn, STIB et intercity. Ce d&eacute;m&eacute;nagement n&rsquo;aura aucune incidence sur les horaires des bus.</strong> </p><p style=\"text-align: justify\">Brussels Airport franchit une nouvelle &eacute;tape dans la pr&eacute;paration du <a href=\"https://pressroom.brusselsairport.be/nl-brussels-airport-invests-in-the-future\" target=\"_blank\" rel=\"noreferrer noopener\"><u>projet d&rsquo;infrastructure Hub 3.0.</u></a> Afin de lib&eacute;rer le site pour le nouveau hub intermodal, pr&eacute;vu pour 2030, la gare routi&egrave;re de l&rsquo;a&eacute;roport d&eacute;m&eacute;nage pour les quatre prochaines ann&eacute;es. &Agrave; partir du 7 mai, tous les bus rejoindront une nouvelle gare routi&egrave;re dot&eacute;e de cinq quais, situ&eacute;e &agrave; 100 m&egrave;tres des halls des d&eacute;parts et des arriv&eacute;es. </p><p style=\"text-align: justify\">La nouvelle gare routi&egrave;re se trouvera toujours au niveau 0 de l&rsquo;a&eacute;roport. Un nouvel acc&egrave;s sera am&eacute;nag&eacute; au terminal, d&rsquo;o&ugrave; une passerelle couverte m&egrave;nera &agrave; la gare routi&egrave;re. C&rsquo;est l&agrave; que sera install&eacute; le terminal des huit lignes de bus De Lijn, de la ligne 12 de la STIB, des bus intercity de Flibco, Flixbus et Airport Express et d&rsquo;autres navettes. Ce d&eacute;m&eacute;nagement n&rsquo;aura aucune incidence sur les horaires des bus. </p><p style=\"text-align: justify\">Les casiers pour les passagers, qui sont actuellement situ&eacute;s &agrave; c&ocirc;t&eacute; de la gare routi&egrave;re, d&eacute;m&eacute;nageront &eacute;galement. Ils permettent aux voyageurs qui souhaitent se rendre en ville avant ou apr&egrave;s leur vol de laisser leurs bagages en toute s&eacute;curit&eacute; &agrave; l&rsquo;a&eacute;roport. </p><p style=\"text-align: justify\"><strong>600 trajets de bus par jour</strong> </p><p style=\"text-align: justify\">Avec quelque 600 bus circulant chaque jour vers et depuis Brussels Airport, il y a plus de mouvements de bus que de vols sur une journ&eacute;e. Le bus est donc une composante essentielle de l&rsquo;offre de transports en commun vers et depuis l&rsquo;a&eacute;roport. Quelque 1,3 million de passagers et de collaborateurs prennent chaque ann&eacute;e le bus pour rejoindre ou quitter l&rsquo;a&eacute;roport. Cette nouvelle gare routi&egrave;re permettra de maintenir l&rsquo;offre m&ecirc;me pendant les travaux du nouveau hub intermodal, qui r&eacute;unira tous les modes de transports en commun, avec plus d&rsquo;espace et des liaisons plus fluides. Le projet pr&eacute;voit, d&rsquo;ici &agrave; 2030, l&rsquo;am&eacute;lioration de la connexion avec la gare de trains souterraine, le r&eacute;am&eacute;nagement de la gare routi&egrave;re centrale et de la zone des taxis, et l&rsquo;installation d&rsquo;une nouvelle plateforme pour les bus intercit&eacute;s et le terminus du tram de l&rsquo;a&eacute;roport. Ce faisant, Brussels Airport investit dans son r&ocirc;le de plaque tournante de la mobilit&eacute; pour les passagers, les navetteurs et la r&eacute;gion. </p><p>&nbsp;</p><p>&nbsp;</p><p>&nbsp;</p>",
    "images": [
        {
            "caption": "",
            "original": "https://cdn.uc.assets.prezly.com/093155c2-3516-48a7-a403-4050cd7c8d01/",
            "medium": "https://cdn.uc.assets.prezly.com/093155c2-3516-48a7-a403-4050cd7c8d01/-/preview/500x500/-/format/auto/",
            "small": "https://cdn.uc.assets.prezly.com/093155c2-3516-48a7-a403-4050cd7c8d01/-/preview/200x200/-/format/auto/",
            "thumbnail": "https://cdn.uc.assets.prezly.com/093155c2-3516-48a7-a403-4050cd7c8d01/-/preview/100x100/-/format/auto/",
            "square": "https://cdn.uc.assets.prezly.com/093155c2-3516-48a7-a403-4050cd7c8d01/-/scale_crop/200x200/center/-/format/auto/",
            "squaresmall": "https://cdn.uc.assets.prezly.com/093155c2-3516-48a7-a403-4050cd7c8d01/-/scale_crop/58x58/center/-/format/auto/"
        }
    ],
    "author": {
        "first_name": "Jeffrey",
        "last_name": "Franssens"
    },
    "format_version": 5
}